{"id":98,"date":"2016-10-04T01:45:07","date_gmt":"2016-10-04T01:45:07","guid":{"rendered":"https:\/\/sinddanca.com.br\/site\/?p=98"},"modified":"2018-10-07T02:04:24","modified_gmt":"2018-10-07T02:04:24","slug":"apoio-balet-teatro-guaira","status":"publish","type":"post","link":"https:\/\/sinddanca.com.br\/site\/apoio-balet-teatro-guaira\/","title":{"rendered":"Apoio Balet Teatro Guaira"},"content":{"rendered":"<p>H\u00e1 47 anos o Bal\u00e9 Teatro Gua\u00edra se destaca no cen\u00e1rio da dan\u00e7a e da cultura nacional como uma das Companhias p\u00fablicas que mais circulou pelo Brasil. Levando Curitiba e o Paran\u00e1 a um patamar de destaque na excel\u00eancia t\u00e9cnica e art\u00edstica da dan\u00e7a.<br \/>\nNo dia 4 de Julho de 2016, os cargos dos bailarinos foram votados inconstitucionais, foram extintos. Dia 25 de Julho foi publicado o ac\u00f3rd\u00e3o (decis\u00e3o final oficializando a ilegalidade dos cargos). A Procuradoria Geral do Estado entrou com uma a\u00e7\u00e3o de suspens\u00e3o dos efeitos da Lei e foi pedido um prazo para implementar uma nova forma de contrata\u00e7\u00e3o via CLT. At\u00e9 o presente momento esse prazo n\u00e3o foi determinado, correndo o risco de paralisar nossas fun\u00e7\u00f5es.<\/p>\n<p>Sabemos que o Governo do Estado n\u00e3o permitir\u00e1 que os corpos art\u00edsticos do CCTG desapare\u00e7am, mas nos preocupamos com a libera\u00e7\u00e3o da verba que possibilita as condi\u00e7\u00f5es b\u00e1sicas do formato que ser\u00e1 implementado; condi\u00e7\u00f5es essas (fun\u00e7\u00e3o de Diretor, ensaiador, professor, pianista, fisioterapeuta e bailarinos) que s\u00e3o primordiais para o funcionamento com qualidade da Companhia p\u00fablica que representa a riqueza cultural do nosso estado.<\/p>\n<p>O Bal\u00e9 Teatro Gua\u00edra constitui, sem sombra de d\u00favidas, patrimonio cultural do Estado do Paran\u00e1 e, nos termos dos artigos 23, 215 e 216 da Constitui\u00e7\u00e3o Federal, \u00e9 dever do Estado garantir o pleno exerc\u00edcio dos direitos culturais, apoiando e incentivando a valoriza\u00e7\u00e3o e difus\u00e3o das manifesta\u00e7\u00f5es da arte.<\/p>\n<p>Contamos com a concientiza\u00e7\u00e3o e sensibiliza\u00e7\u00e3o da popula\u00e7\u00e3o para juntos continuarmos lutando pela valoriza\u00e7\u00e3o da cultura.<\/p>\n<p>Manter a qualidade do Bal\u00e9 Teatro Gua\u00edra e dar continuidade ao seu trabalho representa um avan\u00e7o no desenvolvimento socio-educativo e cultural da popula\u00e7\u00e3o.<\/p>\n<p>Essa n\u00e3o \u00e9 a luta de uma \u00fanica Companhia, compartilhem nossa causa!!!<\/p>\n","protected":false},"excerpt":{"rendered":"<p>H\u00e1 47 anos o Bal\u00e9 Teatro Gua\u00edra se destaca no cen\u00e1rio da dan\u00e7a e da cultura nacional como uma das Companhias p\u00fablicas que mais circulou pelo Brasil. Levando Curitiba e o Paran\u00e1 a um patamar de destaque na excel\u00eancia t\u00e9cnica e art\u00edstica da dan\u00e7a. No dia 4 de Julho de 2016, os cargos dos bailarinos [&hellip;]<\/p>\n","protected":false},"author":1,"featured_media":109,"comment_status":"closed","ping_status":"closed","sticky":false,"template":"","format":"standard","meta":{"site-sidebar-layout":"default","site-content-layout":"","ast-site-content-layout":"default","site-content-style":"default","site-sidebar-style":"default","ast-global-header-display":"","ast-banner-title-visibility":"","ast-main-header-display":"","ast-hfb-above-header-display":"","ast-hfb-below-header-display":"","ast-hfb-mobile-header-display":"","site-post-title":"","ast-breadcrumbs-content":"","ast-featured-img":"","footer-sml-layout":"","ast-disable-related-posts":"","theme-transparent-header-meta":"","adv-header-id-meta":"","stick-header-meta":"","header-above-stick-meta":"","header-main-stick-meta":"","header-below-stick-meta":"","astra-migrate-meta-layouts":"default","ast-page-background-enabled":"default","ast-page-background-meta":{"desktop":{"background-color":"","background-image":"","background-repeat":"repeat","background-position":"center center","background-size":"auto","background-attachment":"scroll","background-type":"","background-media":"","overlay-type":"","overlay-color":"","overlay-opacity":"","overlay-gradient":""},"tablet":{"background-color":"","background-image":"","background-repeat":"repeat","background-position":"center center","background-size":"auto","background-attachment":"scroll","background-type":"","background-media":"","overlay-type":"","overlay-color":"","overlay-opacity":"","overlay-gradient":""},"mobile":{"background-color":"","background-image":"","background-repeat":"repeat","background-position":"center center","background-size":"auto","background-attachment":"scroll","background-type":"","background-media":"","overlay-type":"","overlay-color":"","overlay-opacity":"","overlay-gradient":""}},"ast-content-background-meta":{"desktop":{"background-color":"var(--ast-global-color-5)","background-image":"","background-repeat":"repeat","background-position":"center center","background-size":"auto","background-attachment":"scroll","background-type":"","background-media":"","overlay-type":"","overlay-color":"","overlay-opacity":"","overlay-gradient":""},"tablet":{"background-color":"var(--ast-global-color-5)","background-image":"","background-repeat":"repeat","background-position":"center center","background-size":"auto","background-attachment":"scroll","background-type":"","background-media":"","overlay-type":"","overlay-color":"","overlay-opacity":"","overlay-gradient":""},"mobile":{"background-color":"var(--ast-global-color-5)","background-image":"","background-repeat":"repeat","background-position":"center center","background-size":"auto","background-attachment":"scroll","background-type":"","background-media":"","overlay-type":"","overlay-color":"","overlay-opacity":"","overlay-gradient":""}},"footnotes":""},"categories":[2],"tags":[],"class_list":["post-98","post","type-post","status-publish","format-standard","has-post-thumbnail","hentry","category-noticias"],"_links":{"self":[{"href":"https:\/\/sinddanca.com.br\/site\/wp-json\/wp\/v2\/posts\/98","targetHints":{"allow":["GET"]}}],"collection":[{"href":"https:\/\/sinddanca.com.br\/site\/wp-json\/wp\/v2\/posts"}],"about":[{"href":"https:\/\/sinddanca.com.br\/site\/wp-json\/wp\/v2\/types\/post"}],"author":[{"embeddable":true,"href":"https:\/\/sinddanca.com.br\/site\/wp-json\/wp\/v2\/users\/1"}],"replies":[{"embeddable":true,"href":"https:\/\/sinddanca.com.br\/site\/wp-json\/wp\/v2\/comments?post=98"}],"version-history":[{"count":3,"href":"https:\/\/sinddanca.com.br\/site\/wp-json\/wp\/v2\/posts\/98\/revisions"}],"predecessor-version":[{"id":185,"href":"https:\/\/sinddanca.com.br\/site\/wp-json\/wp\/v2\/posts\/98\/revisions\/185"}],"wp:featuredmedia":[{"embeddable":true,"href":"https:\/\/sinddanca.com.br\/site\/wp-json\/wp\/v2\/media\/109"}],"wp:attachment":[{"href":"https:\/\/sinddanca.com.br\/site\/wp-json\/wp\/v2\/media?parent=98"}],"wp:term":[{"taxonomy":"category","embeddable":true,"href":"https:\/\/sinddanca.com.br\/site\/wp-json\/wp\/v2\/categories?post=98"},{"taxonomy":"post_tag","embeddable":true,"href":"https:\/\/sinddanca.com.br\/site\/wp-json\/wp\/v2\/tags?post=98"}],"curies":[{"name":"wp","href":"https:\/\/api.w.org\/{rel}","templated":true}]}}